{"id":5030,"date":"2023-06-08T01:41:31","date_gmt":"2023-06-08T01:41:31","guid":{"rendered":"https:\/\/upliftcentralcoast.org\/la-coalicion-uplift-nombra-un-comite-directivo\/"},"modified":"2023-06-08T01:41:31","modified_gmt":"2023-06-08T01:41:31","slug":"la-coalicion-uplift-nombra-un-comite-directivo","status":"publish","type":"post","link":"https:\/\/upliftcentralcoast.org\/es\/la-coalicion-uplift-nombra-un-comite-directivo\/","title":{"rendered":"La Coalici\u00f3n Uplift nombra un Comit\u00e9 Directivo"},"content":{"rendered":"<p>La coalici\u00f3n Uplift Central Coast ha nombrado oficialmente el Comit\u00e9 Directivo de Uplift. El Comit\u00e9 Directivo Regional y los grupos subregionales se encargar\u00e1n de orientar el proceso general de planificaci\u00f3n del CERF, lo que incluye una serie de responsabilidades como: aprobaci\u00f3n de procesos; criterios y m\u00e9tricas; establecimiento de prioridades, flujos de trabajo y mesas redondas tem\u00e1ticas; estrategias de participaci\u00f3n de las partes interesadas; proyectos de ejecuci\u00f3n para recomendaciones de financiaci\u00f3n y\/o inclusi\u00f3n en el Plan Regional definitivo. Tambi\u00e9n ser\u00e1n responsables de todas las decisiones finales, incluida la aprobaci\u00f3n y adopci\u00f3n definitiva del Plan Regional final y las recomendaciones de apoyo a la financiaci\u00f3n de la aplicaci\u00f3n.<\/p>\n<p>Los Comit\u00e9s Directivos Subregionales cuentan con una representaci\u00f3n geogr\u00e1fica equilibrada de cada uno de los tres condados representados.<\/p>\n<h2>Subregi\u00f3n Norte<\/h2>\n<h3>Francisco Rodr\u00edguez<\/h3>\n<h4>Organizaciones sindicales<\/h4>\n<p>Francisco es Secretario-Tesorero del Monterey Bay Central Labor Council. Francisco tambi\u00e9n fue profesor y presidente de un sindicato durante m\u00e1s de 20 a\u00f1os.<br \/>\nLocalizaci\u00f3n: Santa Cruz, Monterey<\/p>\n<h3>Kristina Ch\u00e1vez Wyatt<\/h3>\n<h4>Empresario, Empresas, Asociaciones empresariales<\/h4>\n<p>Kristina trabaja como Asesora de Clientes &#8211; Crecimiento Estrat\u00e9gico, Norte de California para California Manufacturing Technology Consulting (CMTC, NIST MEP Center), como Directora Ejecutiva del Consejo Empresarial del Condado de San Benito y Propietaria\/Presidenta de Farmhouse Communications. Cuenta con casi dos d\u00e9cadas de experiencia en participaci\u00f3n comunitaria, desarrollo empresarial y econ\u00f3mico, mano de obra, defensa y asuntos p\u00fablicos. Su trabajo se centra en desarrollar y ejecutar estrategias, t\u00e1cticas y redes en los sectores de la industria, el uso del suelo, el desarrollo comunitario, la agricultura y la administraci\u00f3n p\u00fablica.<br \/>\nLocalizaci\u00f3n: San Benito<\/p>\n<h3>Gabriela L\u00f3pez Ch\u00e1vez<\/h3>\n<h4>Organizaci\u00f3n de Base y Comunitaria, Organizador Comunitario y Miembros de la Comunidad<\/h4>\n<p>Gabriela L\u00f3pez Ch\u00e1vez es la directora ejecutiva de Loaves, Fishes &amp; Computers, Inc. (LFC), cuya misi\u00f3n es ayudar a superar la brecha digital y econ\u00f3mica proporcionando sistemas inform\u00e1ticos de bajo coste o gratuitos, asistencia tecnol\u00f3gica y reparaci\u00f3n de ordenadores a familias con bajos ingresos, personas mayores, veteranos, personas con discapacidad y organizaciones sin \u00e1nimo de lucro. Gabriela tiene casi 20 a\u00f1os de experiencia en el sector sin \u00e1nimo de lucro y ha sido Directora del Taylor Farms Center for Learning con el First Tee en el condado de Monterey.<br \/>\nUbicaci\u00f3n: Condado de Santa Cruz, Condado de Monterey, Condado de San Benito<\/p>\n<h3>Enrique Arreola<\/h3>\n<h4>Agencias gubernamentales<\/h4>\n<p>Enrique es Subdirector de la Agencia de Salud y Servicios Humanos del Condado de San Benito. Es miembro del Consejo de Administraci\u00f3n de la California Workforce Association y cuenta con una larga experiencia en la comunidad, dirigiendo el desarrollo de la mano de obra y los servicios comunitarios.<br \/>\nLocalizaci\u00f3n: San Benito<\/p>\n<h3>Richard Vaughn<\/h3>\n<h4>Agencias de desarrollo econ\u00f3mico<\/h4>\n<p>Richard Vaughn es el Director de Desarrollo Econ\u00f3mico del Condado de Monterey. Richard ha participado en diversos actos comunitarios y fue director de desarrollo econ\u00f3mico del condado de San Bernardino.<br \/>\nLocalizaci\u00f3n: Monterey<\/p>\n<h3>Michael Castro<\/h3>\n<h4>Organizaciones filantr\u00f3picas<\/h4>\n<p>Michael Castro es Director de Iniciativas y Asociaciones Comunitarias de la Community Foundation for Monterey County. Michael administra directamente la Iniciativa de Desarrollo Inclusivo de Salinas (SIEDI), el programa VIDA (trabajador sanitario comunitario) y la Colaboraci\u00f3n para el Bienestar de la Comunidad (antigua Colaboraci\u00f3n COVID 19).<br \/>\nLocalizaci\u00f3n: Monterey<\/p>\n<h3>Jackie Cruz<\/h3>\n<h4>Proveedores de educaci\u00f3n y formaci\u00f3n<\/h4>\n<p>Jackie Cruz es la Vicepresidenta de Promoci\u00f3n y Desarrollo del Hartnell Community College. Comenz\u00f3 su carrera en el sector sin \u00e1nimo de lucro hace 19 a\u00f1os en United Way Monterey County y se incorpor\u00f3 a Hartnell College en enero de 2009. Puso en marcha la Alianza para las Profesiones Sanitarias del Valle de Salinas, junto con cuatro campa\u00f1as de capital, una para las artes, otra para el atletismo, otra para la agricultura y otra para STEM.<br \/>\nLocalizaci\u00f3n: Monterey<\/p>\n<h3>Alma Cervantes<\/h3>\n<h4>Entidades de mano de obra<\/h4>\n<p>Alma Cervantes ha dirigido el Equipo de Acci\u00f3n por la Justicia y la Equidad en la Educaci\u00f3n de Building Healthy Communities-Monterey County durante los \u00faltimos 8 a\u00f1os a nivel local, del condado y estatal. Cuenta con m\u00e1s de 10 a\u00f1os de experiencia en participaci\u00f3n comunitaria, organizaci\u00f3n de base, defensa de pol\u00edticas y pr\u00e1cticas curativas culturalmente arraigadas.<br \/>\nLocalizaci\u00f3n: Monterey<\/p>\n<h3>Eloy Ortiz<\/h3>\n<h4>Organizaciones de justicia medioambiental<\/h4>\n<p>Eloy Ortiz es Director de Proyectos Especiales de Regeneraci\u00f3n-Pajaro Valley Climate Action. Su objetivo es ayudar a los trabajadores agr\u00edcolas y otros habitantes de P\u00e1jaro a recuperarse tras las desastrosas inundaciones que obligaron a evacuar a miles de personas y a dejar familias sin hogar. Eloy es tambi\u00e9n Presidente del Consejo del Centro para Familias de Trabajadores Agr\u00edcolas.<br \/>\nLocalizaci\u00f3n: Santa Cruz, Monterey<\/p>\n<h3>Diane Ortiz<\/h3>\n<h4>Centro de trabajo<\/h4>\n<p>Diane Ortiz es Directora General y cofundadora de Youth Alliance. Diane ha trabajado con comunidades hist\u00f3ricamente marginadas para establecer servicios culturalmente relevantes y el desarrollo de liderazgo de justicia social para apoyar la curaci\u00f3n generacional, el \u00e9xito educativo y la transformaci\u00f3n de sistemas restaurativos.<br \/>\nLocalizaci\u00f3n: San Benito<\/p>\n<h3>Mar\u00eda Elena Manzo<\/h3>\n<h4>Comunidades desinvertidas<\/h4>\n<p>Mar\u00eda Elena Manzo es Directora de Programas de Mujeres en Acci\u00f3n, un programa de autosuficiencia econ\u00f3mica y desarrollo del liderazgo para mujeres. Mar\u00eda Elena fue copresidenta de la asamblea fundacional de COPA en 2003 y sigue siendo una l\u00edder clave en esta organizaci\u00f3n regional sin \u00e1nimo de lucro. Tambi\u00e9n dirigi\u00f3 la estrategia organizativa de Esperanza Care en el condado de Monterey.<br \/>\nLocalizaci\u00f3n: Monterey<\/p>\n<h3>Valent\u00edn L\u00f3pez<\/h3>\n<h4>Tribus ind\u00edgenas de California<\/h4>\n<p>Valent\u00edn L\u00f3pez es Presidente de la Banda Tribal Amah Mutsun desde 2003 y del Amah Mutsun Land Trust. Valent\u00edn es asesor de la Oficina del Presidente de la Universidad de California en cuestiones relacionadas con la repatriaci\u00f3n. Tambi\u00e9n es asesor de nativos americanos de la Alianza Nacional de Enfermedades Mentales (NAMI) y del Museo de Antropolog\u00eda Phoebe Hearst.<br \/>\nLocalizaci\u00f3n: Santa Cruz, Monterey, San Benito<\/p>\n<h2>Subregi\u00f3n Sur<\/h2>\n<h3>Jeremy Goldberg<\/h3>\n<h4>Organizaciones sindicales<\/h4>\n<p>Jeremy Goldberg es Director Ejecutivo del Consejo Laboral de la Costa Central. Jeremy trabaj\u00f3 para la primera campa\u00f1a presidencial de Obama y ha trabajado en la Asociaci\u00f3n Nacional de Carteros como Director Nacional de Campo ayudando a frenar los esfuerzos del Congreso por recortar puestos de trabajo y reducir el servicio de correo al pueblo estadounidense.<br \/>\nUbicaci\u00f3n: San Luis Obispo, Santa B\u00e1rbara, Ventura<\/p>\n<h3>Michael Boyer<\/h3>\n<h4>Empresario, Empresa, Asociaciones empresariales<\/h4>\n<p>Michael Boyer es el Director General de los Boys &amp; Girls Clubs of Mid Central Coast, que atienden a m\u00e1s de 3.000 ni\u00f1os de la zona. Michael es uno de los directores fundadores de la Coalici\u00f3n de Diversidad del Condado de San Luis Obispo, tambi\u00e9n es Presidente del Comit\u00e9 de Desarrollo Econ\u00f3mico de la C\u00e1mara de Comercio de San Luis Obispo y forma parte de varios Consejos de Administraci\u00f3n.<br \/>\nUbicaci\u00f3n: San Luis Obispo, Santa B\u00e1rbara<\/p>\n<h3>Cameron Gray<\/h3>\n<h4>Organizaci\u00f3n de Base y Comunitaria, Organizador Comunitario y Miembros de la Comunidad<\/h4>\n<p>Cameron Gray es Director de Mitigaci\u00f3n Clim\u00e1tica del Consejo Medioambiental Comunitario (CEC). Tambi\u00e9n es copresidente del Comit\u00e9 de Salud y Aprendizaje de la Red.<br \/>\nUbicaci\u00f3n: San Luis Obispo, Santa B\u00e1rbara, Ventura<\/p>\n<h3>Joyce Howerton<\/h3>\n<h4>Agencias gubernamentales<\/h4>\n<p>Joyce Howerton es la antigua alcaldesa de Lompoc. Anteriormente fue directora ejecutiva de la Red de Acci\u00f3n del Condado de Santa B\u00e1rbara y, antes de jubilarse, fue representante de distrito de la senadora estatal Hannah-Beth Jackson.<br \/>\nUbicaci\u00f3n: Santa Barbara, Santa Maria<\/p>\n<h3>Nicki Parr<\/h3>\n<h4>Agencias de desarrollo econ\u00f3mico<\/h4>\n<p>Nicki Parr es la Directora de Operaciones de Women&#8217;s Economic Ventures (WEV). Nicki ha desempe\u00f1ado un papel decisivo en la creaci\u00f3n de varios programas de formaci\u00f3n innovadores de WEV, como su programa de educaci\u00f3n financiera y su programa de recuperaci\u00f3n y resiliencia empresarial.<br \/>\nUbicaci\u00f3n: Santa Barbara, Ventura<\/p>\n<h3>Vanessa Bechtel<\/h3>\n<h4>Organizaciones filantr\u00f3picas<\/h4>\n<p>Vanessa Bechtel es Presidenta y Directora General de la Fundaci\u00f3n Comunitaria del Condado de Ventura. Bechtel se desempe\u00f1\u00f3 como director ejecutivo de la Fundaci\u00f3n Santa Barbara City College y fue reconocido como L\u00edder sin fines de lucro del a\u00f1o por la Academia de Liderazgo del Condado de Ventura en 2019.<br \/>\nUbicaci\u00f3n: Ventura<\/p>\n<h3>Wendy Sims-Moten<\/h3>\n<h4>Proveedores de educaci\u00f3n y formaci\u00f3n<\/h4>\n<p>Wendy Sims-Moten es una residente del condado de Santa B\u00e1rbara desde hace 30 a\u00f1os, que tiene un arraigado inter\u00e9s por el progreso, el desarrollo y el bienestar de esta comunidad y sus residentes. Wendy es Directora Ejecutiva de First 5 Santa Barbara County. Su participaci\u00f3n c\u00edvica y comunitaria incluye Organizadora y Presidenta, African American Women of Santa Barbara County, Miembro del Consejo, CAUSE Action Fund, Presidenta del Consejo, Gateway Educational Services, Miembro del Consejo, McCune Foundation, Miembro del Consejo, Orgullosa alumna de Emerging Leaders y miembro de St. Paul AME Church.<br \/>\nUbicaci\u00f3n: Santa Barbara<\/p>\n<h3>Corlei Prieto<\/h3>\n<h4>Entidades de mano de obra<\/h4>\n<p>Corlei Prieto es Directora del Consorcio de Educaci\u00f3n de Adultos de Santa B\u00e1rbara. Corlei dirige un grupo diverso de electores que van desde estudiantes, profesores, personal y entidades p\u00fablicas locales como las bibliotecas locales, los programas educativos del condado de Santa B\u00e1rbara y la Junta local de mano de obra.<br \/>\nUbicaci\u00f3n: San Luis Obispo, Santa B\u00e1rbara, Ventura<\/p>\n<h3>Rita Casaverde<\/h3>\n<h4>Organizaciones de justicia medioambiental<\/h4>\n<p>Rita Casaverde es Directora Ejecutiva de la Coalici\u00f3n por la Diversidad del Condado de San Luis Obispo. Rita tambi\u00e9n preside el Comit\u00e9 Ejecutivo de UndocuSupport del condado de SLO y forma parte de la reci\u00e9n creada Alianza por la Justicia Clim\u00e1tica del condado de SLO.<br \/>\nUbicaci\u00f3n: San Luis Obispo<\/p>\n<h3>Rebecca Evans<\/h3>\n<h4>Centro de trabajo<\/h4>\n<p>Rebecca Evans es la Directora Ejecutiva de la Junta de Desarrollo de la Mano de Obra del Condado de Ventura (WDBVC). Su funci\u00f3n es garantizar que la WDBVC se centre en apoyar a los trabajadores y a las personas que buscan empleo, especialmente a aquellos que tienen barreras para encontrarlo.<br \/>\nUbicaci\u00f3n: Ventura<\/p>\n<h3>Denise El Amin<\/h3>\n<h4>Comunidades desinvertidas<\/h4>\n<p>Denise El Amin es miembro del Comit\u00e9 Ejecutivo de la NAACP. Ocupa diversos cargos directivos y trabaja en distintas organizaciones para mejorar la comunidad de Solvang.<br \/>\nUbicaci\u00f3n: Santa Barbara<\/p>\n<h3>Scott Lathrop<\/h3>\n<h4>Tribus ind\u00edgenas de California<\/h4>\n<p>Scott Lathrop es el Director General de ytt Northern Chumash Nonprofit. Scott tambi\u00e9n es miembro del Consejo Asesor del Presidente de la Universidad Polit\u00e9cnica Estatal de California-San Luis Obispo.<br \/>\nUbicaci\u00f3n: San Luis Obispo<\/p>\n","protected":false},"excerpt":{"rendered":"<p>La coalici\u00f3n Uplift Central Coast ha nombrado oficialmente el Comit\u00e9 Directivo de Uplift.<\/p>\n","protected":false},"author":1102,"featured_media":4182,"comment_status":"closed","ping_status":"closed","sticky":false,"template":"","format":"standard","meta":{"_acf_changed":false,"footnotes":""},"categories":[56],"tags":[],"class_list":["post-5030","post","type-post","status-publish","format-standard","has-post-thumbnail","hentry","category-noticias-y-actualizaciones-de-uplift"],"acf":[],"yoast_head":"<!-- This site is optimized with the Yoast SEO plugin v26.9 - https:\/\/yoast.com\/product\/yoast-seo-wordpress\/ -->\n<title>La Coalici\u00f3n Uplift nombra un Comit\u00e9 Directivo - Uplift Central Coast<\/title>\n<meta name=\"robots\" content=\"index, follow, max-snippet:-1, max-image-preview:large, max-video-preview:-1\" \/>\n<link rel=\"canonical\" href=\"https:\/\/upliftcentralcoast.org\/es\/la-coalicion-uplift-nombra-un-comite-directivo\/\" \/>\n<meta property=\"og:locale\" content=\"es_ES\" \/>\n<meta property=\"og:type\" content=\"article\" \/>\n<meta property=\"og:title\" content=\"La Coalici\u00f3n Uplift nombra un Comit\u00e9 Directivo - Uplift Central Coast\" \/>\n<meta property=\"og:description\" content=\"La coalici\u00f3n Uplift Central Coast ha nombrado oficialmente el Comit\u00e9 Directivo de Uplift.\" \/>\n<meta property=\"og:url\" content=\"https:\/\/upliftcentralcoast.org\/es\/la-coalicion-uplift-nombra-un-comite-directivo\/\" \/>\n<meta property=\"og:site_name\" content=\"Uplift Central Coast\" \/>\n<meta property=\"article:published_time\" content=\"2023-06-08T01:41:31+00:00\" \/>\n<meta property=\"og:image\" content=\"https:\/\/upliftcentralcoast.org\/wp-content\/uploads\/2023\/06\/Uplift-Central-Coast-Opt4.jpg\" \/>\n\t<meta property=\"og:image:width\" content=\"1000\" \/>\n\t<meta property=\"og:image:height\" content=\"658\" \/>\n\t<meta property=\"og:image:type\" content=\"image\/jpeg\" \/>\n<meta name=\"author\" content=\"ndic_support\" \/>\n<meta name=\"twitter:card\" content=\"summary_large_image\" \/>\n<meta name=\"twitter:label1\" content=\"Escrito por\" \/>\n\t<meta name=\"twitter:data1\" content=\"ndic_support\" \/>\n\t<meta name=\"twitter:label2\" content=\"Tiempo de lectura\" \/>\n\t<meta name=\"twitter:data2\" content=\"9 minutos\" \/>\n<script type=\"application\/ld+json\" class=\"yoast-schema-graph\">{\"@context\":\"https:\/\/schema.org\",\"@graph\":[{\"@type\":\"Article\",\"@id\":\"https:\/\/upliftcentralcoast.org\/es\/la-coalicion-uplift-nombra-un-comite-directivo\/#article\",\"isPartOf\":{\"@id\":\"https:\/\/upliftcentralcoast.org\/es\/la-coalicion-uplift-nombra-un-comite-directivo\/\"},\"author\":{\"name\":\"ndic_support\",\"@id\":\"https:\/\/upliftcentralcoast.org\/es\/#\/schema\/person\/94c9f4615fe72fb333036dfd3038d361\"},\"headline\":\"La Coalici\u00f3n Uplift nombra un Comit\u00e9 Directivo\",\"datePublished\":\"2023-06-08T01:41:31+00:00\",\"mainEntityOfPage\":{\"@id\":\"https:\/\/upliftcentralcoast.org\/es\/la-coalicion-uplift-nombra-un-comite-directivo\/\"},\"wordCount\":1786,\"publisher\":{\"@id\":\"https:\/\/upliftcentralcoast.org\/es\/#organization\"},\"image\":{\"@id\":\"https:\/\/upliftcentralcoast.org\/es\/la-coalicion-uplift-nombra-un-comite-directivo\/#primaryimage\"},\"thumbnailUrl\":\"https:\/\/upliftcentralcoast.org\/wp-content\/uploads\/2023\/06\/Uplift-Central-Coast-Opt4.jpg\",\"articleSection\":[\"Noticias y actualizaciones de Uplift\"],\"inLanguage\":\"es\"},{\"@type\":\"WebPage\",\"@id\":\"https:\/\/upliftcentralcoast.org\/es\/la-coalicion-uplift-nombra-un-comite-directivo\/\",\"url\":\"https:\/\/upliftcentralcoast.org\/es\/la-coalicion-uplift-nombra-un-comite-directivo\/\",\"name\":\"La Coalici\u00f3n Uplift nombra un Comit\u00e9 Directivo - Uplift Central Coast\",\"isPartOf\":{\"@id\":\"https:\/\/upliftcentralcoast.org\/es\/#website\"},\"primaryImageOfPage\":{\"@id\":\"https:\/\/upliftcentralcoast.org\/es\/la-coalicion-uplift-nombra-un-comite-directivo\/#primaryimage\"},\"image\":{\"@id\":\"https:\/\/upliftcentralcoast.org\/es\/la-coalicion-uplift-nombra-un-comite-directivo\/#primaryimage\"},\"thumbnailUrl\":\"https:\/\/upliftcentralcoast.org\/wp-content\/uploads\/2023\/06\/Uplift-Central-Coast-Opt4.jpg\",\"datePublished\":\"2023-06-08T01:41:31+00:00\",\"inLanguage\":\"es\",\"potentialAction\":[{\"@type\":\"ReadAction\",\"target\":[\"https:\/\/upliftcentralcoast.org\/es\/la-coalicion-uplift-nombra-un-comite-directivo\/\"]}]},{\"@type\":\"ImageObject\",\"inLanguage\":\"es\",\"@id\":\"https:\/\/upliftcentralcoast.org\/es\/la-coalicion-uplift-nombra-un-comite-directivo\/#primaryimage\",\"url\":\"https:\/\/upliftcentralcoast.org\/wp-content\/uploads\/2023\/06\/Uplift-Central-Coast-Opt4.jpg\",\"contentUrl\":\"https:\/\/upliftcentralcoast.org\/wp-content\/uploads\/2023\/06\/Uplift-Central-Coast-Opt4.jpg\",\"width\":1000,\"height\":658},{\"@type\":\"WebSite\",\"@id\":\"https:\/\/upliftcentralcoast.org\/es\/#website\",\"url\":\"https:\/\/upliftcentralcoast.org\/es\/\",\"name\":\"Uplift Central Coast\",\"description\":\"\",\"publisher\":{\"@id\":\"https:\/\/upliftcentralcoast.org\/es\/#organization\"},\"potentialAction\":[{\"@type\":\"SearchAction\",\"target\":{\"@type\":\"EntryPoint\",\"urlTemplate\":\"https:\/\/upliftcentralcoast.org\/es\/?s={search_term_string}\"},\"query-input\":{\"@type\":\"PropertyValueSpecification\",\"valueRequired\":true,\"valueName\":\"search_term_string\"}}],\"inLanguage\":\"es\"},{\"@type\":\"Organization\",\"@id\":\"https:\/\/upliftcentralcoast.org\/es\/#organization\",\"name\":\"Uplift Central Coast\",\"url\":\"https:\/\/upliftcentralcoast.org\/es\/\",\"logo\":{\"@type\":\"ImageObject\",\"inLanguage\":\"es\",\"@id\":\"https:\/\/upliftcentralcoast.org\/es\/#\/schema\/logo\/image\/\",\"url\":\"https:\/\/upliftcentralcoast.org\/wp-content\/uploads\/2020\/09\/Uplift.svg\",\"contentUrl\":\"https:\/\/upliftcentralcoast.org\/wp-content\/uploads\/2020\/09\/Uplift.svg\",\"caption\":\"Uplift Central Coast\"},\"image\":{\"@id\":\"https:\/\/upliftcentralcoast.org\/es\/#\/schema\/logo\/image\/\"}},{\"@type\":\"Person\",\"@id\":\"https:\/\/upliftcentralcoast.org\/es\/#\/schema\/person\/94c9f4615fe72fb333036dfd3038d361\",\"name\":\"ndic_support\",\"image\":{\"@type\":\"ImageObject\",\"inLanguage\":\"es\",\"@id\":\"https:\/\/upliftcentralcoast.org\/es\/#\/schema\/person\/image\/\",\"url\":\"https:\/\/secure.gravatar.com\/avatar\/c30ebb703a51588b8a287ad3075a1fd1166040550dd52c2c0d3658a7cd0596b4?s=96&d=mm&r=g\",\"contentUrl\":\"https:\/\/secure.gravatar.com\/avatar\/c30ebb703a51588b8a287ad3075a1fd1166040550dd52c2c0d3658a7cd0596b4?s=96&d=mm&r=g\",\"caption\":\"ndic_support\"}}]}<\/script>\n<!-- \/ Yoast SEO plugin. -->","yoast_head_json":{"title":"La Coalici\u00f3n Uplift nombra un Comit\u00e9 Directivo - Uplift Central Coast","robots":{"index":"index","follow":"follow","max-snippet":"max-snippet:-1","max-image-preview":"max-image-preview:large","max-video-preview":"max-video-preview:-1"},"canonical":"https:\/\/upliftcentralcoast.org\/es\/la-coalicion-uplift-nombra-un-comite-directivo\/","og_locale":"es_ES","og_type":"article","og_title":"La Coalici\u00f3n Uplift nombra un Comit\u00e9 Directivo - Uplift Central Coast","og_description":"La coalici\u00f3n Uplift Central Coast ha nombrado oficialmente el Comit\u00e9 Directivo de Uplift.","og_url":"https:\/\/upliftcentralcoast.org\/es\/la-coalicion-uplift-nombra-un-comite-directivo\/","og_site_name":"Uplift Central Coast","article_published_time":"2023-06-08T01:41:31+00:00","og_image":[{"width":1000,"height":658,"url":"https:\/\/upliftcentralcoast.org\/wp-content\/uploads\/2023\/06\/Uplift-Central-Coast-Opt4.jpg","type":"image\/jpeg"}],"author":"ndic_support","twitter_card":"summary_large_image","twitter_misc":{"Escrito por":"ndic_support","Tiempo de lectura":"9 minutos"},"schema":{"@context":"https:\/\/schema.org","@graph":[{"@type":"Article","@id":"https:\/\/upliftcentralcoast.org\/es\/la-coalicion-uplift-nombra-un-comite-directivo\/#article","isPartOf":{"@id":"https:\/\/upliftcentralcoast.org\/es\/la-coalicion-uplift-nombra-un-comite-directivo\/"},"author":{"name":"ndic_support","@id":"https:\/\/upliftcentralcoast.org\/es\/#\/schema\/person\/94c9f4615fe72fb333036dfd3038d361"},"headline":"La Coalici\u00f3n Uplift nombra un Comit\u00e9 Directivo","datePublished":"2023-06-08T01:41:31+00:00","mainEntityOfPage":{"@id":"https:\/\/upliftcentralcoast.org\/es\/la-coalicion-uplift-nombra-un-comite-directivo\/"},"wordCount":1786,"publisher":{"@id":"https:\/\/upliftcentralcoast.org\/es\/#organization"},"image":{"@id":"https:\/\/upliftcentralcoast.org\/es\/la-coalicion-uplift-nombra-un-comite-directivo\/#primaryimage"},"thumbnailUrl":"https:\/\/upliftcentralcoast.org\/wp-content\/uploads\/2023\/06\/Uplift-Central-Coast-Opt4.jpg","articleSection":["Noticias y actualizaciones de Uplift"],"inLanguage":"es"},{"@type":"WebPage","@id":"https:\/\/upliftcentralcoast.org\/es\/la-coalicion-uplift-nombra-un-comite-directivo\/","url":"https:\/\/upliftcentralcoast.org\/es\/la-coalicion-uplift-nombra-un-comite-directivo\/","name":"La Coalici\u00f3n Uplift nombra un Comit\u00e9 Directivo - Uplift Central Coast","isPartOf":{"@id":"https:\/\/upliftcentralcoast.org\/es\/#website"},"primaryImageOfPage":{"@id":"https:\/\/upliftcentralcoast.org\/es\/la-coalicion-uplift-nombra-un-comite-directivo\/#primaryimage"},"image":{"@id":"https:\/\/upliftcentralcoast.org\/es\/la-coalicion-uplift-nombra-un-comite-directivo\/#primaryimage"},"thumbnailUrl":"https:\/\/upliftcentralcoast.org\/wp-content\/uploads\/2023\/06\/Uplift-Central-Coast-Opt4.jpg","datePublished":"2023-06-08T01:41:31+00:00","inLanguage":"es","potentialAction":[{"@type":"ReadAction","target":["https:\/\/upliftcentralcoast.org\/es\/la-coalicion-uplift-nombra-un-comite-directivo\/"]}]},{"@type":"ImageObject","inLanguage":"es","@id":"https:\/\/upliftcentralcoast.org\/es\/la-coalicion-uplift-nombra-un-comite-directivo\/#primaryimage","url":"https:\/\/upliftcentralcoast.org\/wp-content\/uploads\/2023\/06\/Uplift-Central-Coast-Opt4.jpg","contentUrl":"https:\/\/upliftcentralcoast.org\/wp-content\/uploads\/2023\/06\/Uplift-Central-Coast-Opt4.jpg","width":1000,"height":658},{"@type":"WebSite","@id":"https:\/\/upliftcentralcoast.org\/es\/#website","url":"https:\/\/upliftcentralcoast.org\/es\/","name":"Uplift Central Coast","description":"","publisher":{"@id":"https:\/\/upliftcentralcoast.org\/es\/#organization"},"potentialAction":[{"@type":"SearchAction","target":{"@type":"EntryPoint","urlTemplate":"https:\/\/upliftcentralcoast.org\/es\/?s={search_term_string}"},"query-input":{"@type":"PropertyValueSpecification","valueRequired":true,"valueName":"search_term_string"}}],"inLanguage":"es"},{"@type":"Organization","@id":"https:\/\/upliftcentralcoast.org\/es\/#organization","name":"Uplift Central Coast","url":"https:\/\/upliftcentralcoast.org\/es\/","logo":{"@type":"ImageObject","inLanguage":"es","@id":"https:\/\/upliftcentralcoast.org\/es\/#\/schema\/logo\/image\/","url":"https:\/\/upliftcentralcoast.org\/wp-content\/uploads\/2020\/09\/Uplift.svg","contentUrl":"https:\/\/upliftcentralcoast.org\/wp-content\/uploads\/2020\/09\/Uplift.svg","caption":"Uplift Central Coast"},"image":{"@id":"https:\/\/upliftcentralcoast.org\/es\/#\/schema\/logo\/image\/"}},{"@type":"Person","@id":"https:\/\/upliftcentralcoast.org\/es\/#\/schema\/person\/94c9f4615fe72fb333036dfd3038d361","name":"ndic_support","image":{"@type":"ImageObject","inLanguage":"es","@id":"https:\/\/upliftcentralcoast.org\/es\/#\/schema\/person\/image\/","url":"https:\/\/secure.gravatar.com\/avatar\/c30ebb703a51588b8a287ad3075a1fd1166040550dd52c2c0d3658a7cd0596b4?s=96&d=mm&r=g","contentUrl":"https:\/\/secure.gravatar.com\/avatar\/c30ebb703a51588b8a287ad3075a1fd1166040550dd52c2c0d3658a7cd0596b4?s=96&d=mm&r=g","caption":"ndic_support"}}]}},"_links":{"self":[{"href":"https:\/\/upliftcentralcoast.org\/es\/wp-json\/wp\/v2\/posts\/5030","targetHints":{"allow":["GET"]}}],"collection":[{"href":"https:\/\/upliftcentralcoast.org\/es\/wp-json\/wp\/v2\/posts"}],"about":[{"href":"https:\/\/upliftcentralcoast.org\/es\/wp-json\/wp\/v2\/types\/post"}],"author":[{"embeddable":true,"href":"https:\/\/upliftcentralcoast.org\/es\/wp-json\/wp\/v2\/users\/1102"}],"replies":[{"embeddable":true,"href":"https:\/\/upliftcentralcoast.org\/es\/wp-json\/wp\/v2\/comments?post=5030"}],"version-history":[{"count":0,"href":"https:\/\/upliftcentralcoast.org\/es\/wp-json\/wp\/v2\/posts\/5030\/revisions"}],"wp:featuredmedia":[{"embeddable":true,"href":"https:\/\/upliftcentralcoast.org\/es\/wp-json\/wp\/v2\/media\/4182"}],"wp:attachment":[{"href":"https:\/\/upliftcentralcoast.org\/es\/wp-json\/wp\/v2\/media?parent=5030"}],"wp:term":[{"taxonomy":"category","embeddable":true,"href":"https:\/\/upliftcentralcoast.org\/es\/wp-json\/wp\/v2\/categories?post=5030"},{"taxonomy":"post_tag","embeddable":true,"href":"https:\/\/upliftcentralcoast.org\/es\/wp-json\/wp\/v2\/tags?post=5030"}],"curies":[{"name":"wp","href":"https:\/\/api.w.org\/{rel}","templated":true}]}}