{"id":5032,"date":"2022-12-15T01:41:18","date_gmt":"2022-12-15T01:41:18","guid":{"rendered":"https:\/\/upliftcentralcoast.org\/uplift-central-coast-contrata-a-quinn-brady-como-directora-de-proyectos\/"},"modified":"2022-12-15T01:41:18","modified_gmt":"2022-12-15T01:41:18","slug":"uplift-central-coast-contrata-a-quinn-brady-como-directora-de-proyectos","status":"publish","type":"post","link":"https:\/\/upliftcentralcoast.org\/es\/uplift-central-coast-contrata-a-quinn-brady-como-directora-de-proyectos\/","title":{"rendered":"Uplift Central Coast contrata a Quinn Brady como directora de proyectos"},"content":{"rendered":"<p>En octubre, el Estado anunci\u00f3 que la coalici\u00f3n Uplift Central Coast, liderada por REACH, Monterey Bay Economic Partnership y Economic Development Collaborative, hab\u00eda recibido una <a href=\"https:\/\/reachcentralcoast.org\/upliftcentralcoast\/\" target=\"_blank\" rel=\"noopener\"> subvenci\u00f3n de 5 millones de d\u00f3lares del Fondo de Resiliencia Econ\u00f3mica Comunitaria de California (CERF)<\/a>. La subvenci\u00f3n financiar\u00e1 un proceso de planificaci\u00f3n de dos a\u00f1os para crear un plan de desarrollo econ\u00f3mico integrador para las seis regiones de la Costa Central. Aunque nos estamos preparando con impaciencia para iniciar esta importante labor, estamos esperando a que el Estado ultime los contratos y libere la financiaci\u00f3n antes de empezar oficialmente. No obstante, hemos sentado unas bases s\u00f3lidas para ponernos en marcha en cuanto el Estado nos d\u00e9 luz verde.<\/p>\n<p>Un paso importante es la contrataci\u00f3n de un director de proyecto: <strong>Quinn Brady<\/strong>. Brady fue seleccionado entre un grupo de candidatos cualificados tras un minucioso proceso que incluy\u00f3 entrevistas en persona con el panel de contrataci\u00f3n de Uplift, entre los que se encontraban los directores generales de REACH, EDC y MBEP.<\/p>\n<p>Brady lleg\u00f3 a lo m\u00e1s alto del grupo de candidatos gracias a su s\u00f3lida formaci\u00f3n en compromiso comunitario, defensa y gesti\u00f3n de proyectos, y a su experiencia en comunicaci\u00f3n estrat\u00e9gica y asociaciones. Tiene una clara pasi\u00f3n por la mejora de las comunidades desinvertidas, el fomento de la pertenencia y la promoci\u00f3n de la equidad clim\u00e1tica.<\/p>\n<p>Estamos encantados de que Brady asuma este nuevo cargo.<\/p>\n<p><img decoding=\"async\" src=\"https:\/\/reachcentralcoast.org\/wp-content\/uploads\/Quinn_Brady.jpeg\" alt=\"Quinn Brady\" class=\"img-left\"><em>\u00abEste proyecto a\u00fana muchos aspectos de mi experiencia profesional y mis pasiones personales -creaci\u00f3n de coaliciones, igualdad e inclusi\u00f3n, acci\u00f3n por el clima y alzar voces que durante mucho tiempo han sido dejadas de lado- y los pone en pr\u00e1ctica de formas nuevas e impactantes\u00bb, afirm\u00f3 Brady. \u00abEstoy muy ilusionada por la oportunidad de unir nuestra regi\u00f3n de seis condados para aportar nuevas perspectivas a la mesa de planificaci\u00f3n econ\u00f3mica de una manera deliberadamente inclusiva y sostenible\u00bb.<\/em><\/p>\n","protected":false},"excerpt":{"rendered":"<p>Un paso importante es la contrataci\u00f3n de un director de proyecto: Quinn Brady.<\/p>\n","protected":false},"author":1102,"featured_media":4180,"comment_status":"closed","ping_status":"closed","sticky":false,"template":"","format":"standard","meta":{"_acf_changed":false,"footnotes":""},"categories":[56],"tags":[],"class_list":["post-5032","post","type-post","status-publish","format-standard","has-post-thumbnail","hentry","category-noticias-y-actualizaciones-de-uplift"],"acf":[],"yoast_head":"<!-- This site is optimized with the Yoast SEO plugin v26.9 - https:\/\/yoast.com\/product\/yoast-seo-wordpress\/ -->\n<title>Uplift Central Coast contrata a Quinn Brady como directora de proyectos - Uplift Central Coast<\/title>\n<meta name=\"robots\" content=\"index, follow, max-snippet:-1, max-image-preview:large, max-video-preview:-1\" \/>\n<link rel=\"canonical\" href=\"https:\/\/upliftcentralcoast.org\/es\/uplift-central-coast-contrata-a-quinn-brady-como-directora-de-proyectos\/\" \/>\n<meta property=\"og:locale\" content=\"es_ES\" \/>\n<meta property=\"og:type\" content=\"article\" \/>\n<meta property=\"og:title\" content=\"Uplift Central Coast contrata a Quinn Brady como directora de proyectos - Uplift Central Coast\" \/>\n<meta property=\"og:description\" content=\"Un paso importante es la contrataci\u00f3n de un director de proyecto: Quinn Brady.\" \/>\n<meta property=\"og:url\" content=\"https:\/\/upliftcentralcoast.org\/es\/uplift-central-coast-contrata-a-quinn-brady-como-directora-de-proyectos\/\" \/>\n<meta property=\"og:site_name\" content=\"Uplift Central Coast\" \/>\n<meta property=\"article:published_time\" content=\"2022-12-15T01:41:18+00:00\" \/>\n<meta property=\"og:image\" content=\"https:\/\/upliftcentralcoast.org\/wp-content\/uploads\/2022\/12\/Uplift-Central-Coast-Opt3.jpg\" \/>\n\t<meta property=\"og:image:width\" content=\"1000\" \/>\n\t<meta property=\"og:image:height\" content=\"658\" \/>\n\t<meta property=\"og:image:type\" content=\"image\/jpeg\" \/>\n<meta name=\"author\" content=\"ndic_support\" \/>\n<meta name=\"twitter:card\" content=\"summary_large_image\" \/>\n<meta name=\"twitter:label1\" content=\"Escrito por\" \/>\n\t<meta name=\"twitter:data1\" content=\"ndic_support\" \/>\n\t<meta name=\"twitter:label2\" content=\"Tiempo de lectura\" \/>\n\t<meta name=\"twitter:data2\" content=\"2 minutos\" \/>\n<script type=\"application\/ld+json\" class=\"yoast-schema-graph\">{\"@context\":\"https:\/\/schema.org\",\"@graph\":[{\"@type\":\"Article\",\"@id\":\"https:\/\/upliftcentralcoast.org\/es\/uplift-central-coast-contrata-a-quinn-brady-como-directora-de-proyectos\/#article\",\"isPartOf\":{\"@id\":\"https:\/\/upliftcentralcoast.org\/es\/uplift-central-coast-contrata-a-quinn-brady-como-directora-de-proyectos\/\"},\"author\":{\"name\":\"ndic_support\",\"@id\":\"https:\/\/upliftcentralcoast.org\/es\/#\/schema\/person\/94c9f4615fe72fb333036dfd3038d361\"},\"headline\":\"Uplift Central Coast contrata a Quinn Brady como directora de proyectos\",\"datePublished\":\"2022-12-15T01:41:18+00:00\",\"mainEntityOfPage\":{\"@id\":\"https:\/\/upliftcentralcoast.org\/es\/uplift-central-coast-contrata-a-quinn-brady-como-directora-de-proyectos\/\"},\"wordCount\":345,\"publisher\":{\"@id\":\"https:\/\/upliftcentralcoast.org\/es\/#organization\"},\"image\":{\"@id\":\"https:\/\/upliftcentralcoast.org\/es\/uplift-central-coast-contrata-a-quinn-brady-como-directora-de-proyectos\/#primaryimage\"},\"thumbnailUrl\":\"https:\/\/upliftcentralcoast.org\/wp-content\/uploads\/2022\/12\/Uplift-Central-Coast-Opt3.jpg\",\"articleSection\":[\"Noticias y actualizaciones de Uplift\"],\"inLanguage\":\"es\"},{\"@type\":\"WebPage\",\"@id\":\"https:\/\/upliftcentralcoast.org\/es\/uplift-central-coast-contrata-a-quinn-brady-como-directora-de-proyectos\/\",\"url\":\"https:\/\/upliftcentralcoast.org\/es\/uplift-central-coast-contrata-a-quinn-brady-como-directora-de-proyectos\/\",\"name\":\"Uplift Central Coast contrata a Quinn Brady como directora de proyectos - Uplift Central Coast\",\"isPartOf\":{\"@id\":\"https:\/\/upliftcentralcoast.org\/es\/#website\"},\"primaryImageOfPage\":{\"@id\":\"https:\/\/upliftcentralcoast.org\/es\/uplift-central-coast-contrata-a-quinn-brady-como-directora-de-proyectos\/#primaryimage\"},\"image\":{\"@id\":\"https:\/\/upliftcentralcoast.org\/es\/uplift-central-coast-contrata-a-quinn-brady-como-directora-de-proyectos\/#primaryimage\"},\"thumbnailUrl\":\"https:\/\/upliftcentralcoast.org\/wp-content\/uploads\/2022\/12\/Uplift-Central-Coast-Opt3.jpg\",\"datePublished\":\"2022-12-15T01:41:18+00:00\",\"inLanguage\":\"es\",\"potentialAction\":[{\"@type\":\"ReadAction\",\"target\":[\"https:\/\/upliftcentralcoast.org\/es\/uplift-central-coast-contrata-a-quinn-brady-como-directora-de-proyectos\/\"]}]},{\"@type\":\"ImageObject\",\"inLanguage\":\"es\",\"@id\":\"https:\/\/upliftcentralcoast.org\/es\/uplift-central-coast-contrata-a-quinn-brady-como-directora-de-proyectos\/#primaryimage\",\"url\":\"https:\/\/upliftcentralcoast.org\/wp-content\/uploads\/2022\/12\/Uplift-Central-Coast-Opt3.jpg\",\"contentUrl\":\"https:\/\/upliftcentralcoast.org\/wp-content\/uploads\/2022\/12\/Uplift-Central-Coast-Opt3.jpg\",\"width\":1000,\"height\":658},{\"@type\":\"WebSite\",\"@id\":\"https:\/\/upliftcentralcoast.org\/es\/#website\",\"url\":\"https:\/\/upliftcentralcoast.org\/es\/\",\"name\":\"Uplift Central Coast\",\"description\":\"\",\"publisher\":{\"@id\":\"https:\/\/upliftcentralcoast.org\/es\/#organization\"},\"potentialAction\":[{\"@type\":\"SearchAction\",\"target\":{\"@type\":\"EntryPoint\",\"urlTemplate\":\"https:\/\/upliftcentralcoast.org\/es\/?s={search_term_string}\"},\"query-input\":{\"@type\":\"PropertyValueSpecification\",\"valueRequired\":true,\"valueName\":\"search_term_string\"}}],\"inLanguage\":\"es\"},{\"@type\":\"Organization\",\"@id\":\"https:\/\/upliftcentralcoast.org\/es\/#organization\",\"name\":\"Uplift Central Coast\",\"url\":\"https:\/\/upliftcentralcoast.org\/es\/\",\"logo\":{\"@type\":\"ImageObject\",\"inLanguage\":\"es\",\"@id\":\"https:\/\/upliftcentralcoast.org\/es\/#\/schema\/logo\/image\/\",\"url\":\"https:\/\/upliftcentralcoast.org\/wp-content\/uploads\/2020\/09\/Uplift.svg\",\"contentUrl\":\"https:\/\/upliftcentralcoast.org\/wp-content\/uploads\/2020\/09\/Uplift.svg\",\"caption\":\"Uplift Central Coast\"},\"image\":{\"@id\":\"https:\/\/upliftcentralcoast.org\/es\/#\/schema\/logo\/image\/\"}},{\"@type\":\"Person\",\"@id\":\"https:\/\/upliftcentralcoast.org\/es\/#\/schema\/person\/94c9f4615fe72fb333036dfd3038d361\",\"name\":\"ndic_support\",\"image\":{\"@type\":\"ImageObject\",\"inLanguage\":\"es\",\"@id\":\"https:\/\/upliftcentralcoast.org\/es\/#\/schema\/person\/image\/\",\"url\":\"https:\/\/secure.gravatar.com\/avatar\/c30ebb703a51588b8a287ad3075a1fd1166040550dd52c2c0d3658a7cd0596b4?s=96&d=mm&r=g\",\"contentUrl\":\"https:\/\/secure.gravatar.com\/avatar\/c30ebb703a51588b8a287ad3075a1fd1166040550dd52c2c0d3658a7cd0596b4?s=96&d=mm&r=g\",\"caption\":\"ndic_support\"}}]}<\/script>\n<!-- \/ Yoast SEO plugin. -->","yoast_head_json":{"title":"Uplift Central Coast contrata a Quinn Brady como directora de proyectos - Uplift Central Coast","robots":{"index":"index","follow":"follow","max-snippet":"max-snippet:-1","max-image-preview":"max-image-preview:large","max-video-preview":"max-video-preview:-1"},"canonical":"https:\/\/upliftcentralcoast.org\/es\/uplift-central-coast-contrata-a-quinn-brady-como-directora-de-proyectos\/","og_locale":"es_ES","og_type":"article","og_title":"Uplift Central Coast contrata a Quinn Brady como directora de proyectos - Uplift Central Coast","og_description":"Un paso importante es la contrataci\u00f3n de un director de proyecto: Quinn Brady.","og_url":"https:\/\/upliftcentralcoast.org\/es\/uplift-central-coast-contrata-a-quinn-brady-como-directora-de-proyectos\/","og_site_name":"Uplift Central Coast","article_published_time":"2022-12-15T01:41:18+00:00","og_image":[{"width":1000,"height":658,"url":"https:\/\/upliftcentralcoast.org\/wp-content\/uploads\/2022\/12\/Uplift-Central-Coast-Opt3.jpg","type":"image\/jpeg"}],"author":"ndic_support","twitter_card":"summary_large_image","twitter_misc":{"Escrito por":"ndic_support","Tiempo de lectura":"2 minutos"},"schema":{"@context":"https:\/\/schema.org","@graph":[{"@type":"Article","@id":"https:\/\/upliftcentralcoast.org\/es\/uplift-central-coast-contrata-a-quinn-brady-como-directora-de-proyectos\/#article","isPartOf":{"@id":"https:\/\/upliftcentralcoast.org\/es\/uplift-central-coast-contrata-a-quinn-brady-como-directora-de-proyectos\/"},"author":{"name":"ndic_support","@id":"https:\/\/upliftcentralcoast.org\/es\/#\/schema\/person\/94c9f4615fe72fb333036dfd3038d361"},"headline":"Uplift Central Coast contrata a Quinn Brady como directora de proyectos","datePublished":"2022-12-15T01:41:18+00:00","mainEntityOfPage":{"@id":"https:\/\/upliftcentralcoast.org\/es\/uplift-central-coast-contrata-a-quinn-brady-como-directora-de-proyectos\/"},"wordCount":345,"publisher":{"@id":"https:\/\/upliftcentralcoast.org\/es\/#organization"},"image":{"@id":"https:\/\/upliftcentralcoast.org\/es\/uplift-central-coast-contrata-a-quinn-brady-como-directora-de-proyectos\/#primaryimage"},"thumbnailUrl":"https:\/\/upliftcentralcoast.org\/wp-content\/uploads\/2022\/12\/Uplift-Central-Coast-Opt3.jpg","articleSection":["Noticias y actualizaciones de Uplift"],"inLanguage":"es"},{"@type":"WebPage","@id":"https:\/\/upliftcentralcoast.org\/es\/uplift-central-coast-contrata-a-quinn-brady-como-directora-de-proyectos\/","url":"https:\/\/upliftcentralcoast.org\/es\/uplift-central-coast-contrata-a-quinn-brady-como-directora-de-proyectos\/","name":"Uplift Central Coast contrata a Quinn Brady como directora de proyectos - Uplift Central Coast","isPartOf":{"@id":"https:\/\/upliftcentralcoast.org\/es\/#website"},"primaryImageOfPage":{"@id":"https:\/\/upliftcentralcoast.org\/es\/uplift-central-coast-contrata-a-quinn-brady-como-directora-de-proyectos\/#primaryimage"},"image":{"@id":"https:\/\/upliftcentralcoast.org\/es\/uplift-central-coast-contrata-a-quinn-brady-como-directora-de-proyectos\/#primaryimage"},"thumbnailUrl":"https:\/\/upliftcentralcoast.org\/wp-content\/uploads\/2022\/12\/Uplift-Central-Coast-Opt3.jpg","datePublished":"2022-12-15T01:41:18+00:00","inLanguage":"es","potentialAction":[{"@type":"ReadAction","target":["https:\/\/upliftcentralcoast.org\/es\/uplift-central-coast-contrata-a-quinn-brady-como-directora-de-proyectos\/"]}]},{"@type":"ImageObject","inLanguage":"es","@id":"https:\/\/upliftcentralcoast.org\/es\/uplift-central-coast-contrata-a-quinn-brady-como-directora-de-proyectos\/#primaryimage","url":"https:\/\/upliftcentralcoast.org\/wp-content\/uploads\/2022\/12\/Uplift-Central-Coast-Opt3.jpg","contentUrl":"https:\/\/upliftcentralcoast.org\/wp-content\/uploads\/2022\/12\/Uplift-Central-Coast-Opt3.jpg","width":1000,"height":658},{"@type":"WebSite","@id":"https:\/\/upliftcentralcoast.org\/es\/#website","url":"https:\/\/upliftcentralcoast.org\/es\/","name":"Uplift Central Coast","description":"","publisher":{"@id":"https:\/\/upliftcentralcoast.org\/es\/#organization"},"potentialAction":[{"@type":"SearchAction","target":{"@type":"EntryPoint","urlTemplate":"https:\/\/upliftcentralcoast.org\/es\/?s={search_term_string}"},"query-input":{"@type":"PropertyValueSpecification","valueRequired":true,"valueName":"search_term_string"}}],"inLanguage":"es"},{"@type":"Organization","@id":"https:\/\/upliftcentralcoast.org\/es\/#organization","name":"Uplift Central Coast","url":"https:\/\/upliftcentralcoast.org\/es\/","logo":{"@type":"ImageObject","inLanguage":"es","@id":"https:\/\/upliftcentralcoast.org\/es\/#\/schema\/logo\/image\/","url":"https:\/\/upliftcentralcoast.org\/wp-content\/uploads\/2020\/09\/Uplift.svg","contentUrl":"https:\/\/upliftcentralcoast.org\/wp-content\/uploads\/2020\/09\/Uplift.svg","caption":"Uplift Central Coast"},"image":{"@id":"https:\/\/upliftcentralcoast.org\/es\/#\/schema\/logo\/image\/"}},{"@type":"Person","@id":"https:\/\/upliftcentralcoast.org\/es\/#\/schema\/person\/94c9f4615fe72fb333036dfd3038d361","name":"ndic_support","image":{"@type":"ImageObject","inLanguage":"es","@id":"https:\/\/upliftcentralcoast.org\/es\/#\/schema\/person\/image\/","url":"https:\/\/secure.gravatar.com\/avatar\/c30ebb703a51588b8a287ad3075a1fd1166040550dd52c2c0d3658a7cd0596b4?s=96&d=mm&r=g","contentUrl":"https:\/\/secure.gravatar.com\/avatar\/c30ebb703a51588b8a287ad3075a1fd1166040550dd52c2c0d3658a7cd0596b4?s=96&d=mm&r=g","caption":"ndic_support"}}]}},"_links":{"self":[{"href":"https:\/\/upliftcentralcoast.org\/es\/wp-json\/wp\/v2\/posts\/5032","targetHints":{"allow":["GET"]}}],"collection":[{"href":"https:\/\/upliftcentralcoast.org\/es\/wp-json\/wp\/v2\/posts"}],"about":[{"href":"https:\/\/upliftcentralcoast.org\/es\/wp-json\/wp\/v2\/types\/post"}],"author":[{"embeddable":true,"href":"https:\/\/upliftcentralcoast.org\/es\/wp-json\/wp\/v2\/users\/1102"}],"replies":[{"embeddable":true,"href":"https:\/\/upliftcentralcoast.org\/es\/wp-json\/wp\/v2\/comments?post=5032"}],"version-history":[{"count":0,"href":"https:\/\/upliftcentralcoast.org\/es\/wp-json\/wp\/v2\/posts\/5032\/revisions"}],"wp:featuredmedia":[{"embeddable":true,"href":"https:\/\/upliftcentralcoast.org\/es\/wp-json\/wp\/v2\/media\/4180"}],"wp:attachment":[{"href":"https:\/\/upliftcentralcoast.org\/es\/wp-json\/wp\/v2\/media?parent=5032"}],"wp:term":[{"taxonomy":"category","embeddable":true,"href":"https:\/\/upliftcentralcoast.org\/es\/wp-json\/wp\/v2\/categories?post=5032"},{"taxonomy":"post_tag","embeddable":true,"href":"https:\/\/upliftcentralcoast.org\/es\/wp-json\/wp\/v2\/tags?post=5032"}],"curies":[{"name":"wp","href":"https:\/\/api.w.org\/{rel}","templated":true}]}}