{"id":5428,"date":"2022-06-17T19:53:25","date_gmt":"2022-06-17T19:53:25","guid":{"rendered":"https:\/\/upliftcentralcoast.org\/sesiones-de-trabajo-de-uplift-central-coast-16-y-17-de-junio-de-2022\/"},"modified":"2022-06-17T19:53:25","modified_gmt":"2022-06-17T19:53:25","slug":"sesiones-de-trabajo-de-uplift-central-coast-16-y-17-de-junio-de-2022","status":"publish","type":"post","link":"https:\/\/upliftcentralcoast.org\/es\/sesiones-de-trabajo-de-uplift-central-coast-16-y-17-de-junio-de-2022\/","title":{"rendered":"Sesiones de trabajo de Uplift Central Coast | 16 y 17 de junio de 2022"},"content":{"rendered":"<p>Dirigida por REACH, el EDC y MBEP, Uplift invit\u00f3 a un grupo de 369 interesados de todas las regiones a una sesi\u00f3n de trabajo. De conformidad con el primer paso de las directrices de solicitud, las sesiones se celebraron con el fin de desarrollar un enfoque asociativo y comunitario para un proceso inclusivo de planificaci\u00f3n del desarrollo econ\u00f3mico en los seis condados. En ambas sesiones, Uplift debati\u00f3 el marco del plan de proyecto y se dividi\u00f3 en cuatro grupos de trabajo para profundizar en las \u00e1reas fundamentales de la planificaci\u00f3n de proyectos. Los cuatro grupos de trabajo fueron:<\/p>\n<ol>\n<li>Gobernanza &#8211; Desarrollar una forma de trabajar para organizar la inclusi\u00f3n y el \u00e9xito<\/li>\n<li>Participaci\u00f3n de las partes interesadas &#8211; Trazar estrategias y m\u00e9todos bien pensados para implicar a los residentes en el proceso de planificaci\u00f3n.<\/li>\n<li>Datos e investigaci\u00f3n &#8211; Conocer los datos existentes sobre nuestra regi\u00f3n y las posibles lagunas<\/li>\n<li>Desarrollo de capacidades &#8211; Exploraci\u00f3n de formas de apoyar a las organizaciones para que participen y se comprometan en el proceso de planificaci\u00f3n del CERF.<\/li>\n<\/ol>\n<p><iframe title=\"Uplift Central Coast Working Sessions | June 16 and 17, 2022\" width=\"500\" height=\"281\" src=\"https:\/\/www.youtube.com\/embed\/kL-46ts4L-I?feature=oembed\" frameborder=\"0\" allow=\"accelerometer; autoplay; clipboard-write; encrypted-media; gyroscope; picture-in-picture; web-share\" referrerpolicy=\"strict-origin-when-cross-origin\" allowfullscreen><\/iframe><\/p>\n<p>&nbsp;<\/p>\n","protected":false},"excerpt":{"rendered":"<p>Dirigida por REACH, el EDC y MBEP, Uplift invit\u00f3 a un grupo de 369 interesados de todas las regiones a una sesi\u00f3n de trabajo. De conformidad con el primer paso de las directrices de solicitud, las sesiones se celebraron con el fin de desarrollar un enfoque asociativo y comunitario para un proceso inclusivo de planificaci\u00f3n&#8230;  <a class=\"excerpt-read-more\" href=\"https:\/\/upliftcentralcoast.org\/es\/sesiones-de-trabajo-de-uplift-central-coast-16-y-17-de-junio-de-2022\/\" title=\"Read Sesiones de trabajo de Uplift Central Coast | 16 y 17 de junio de 2022\">Leer m\u00e1s<\/a><\/p>\n","protected":false},"author":1105,"featured_media":5398,"comment_status":"closed","ping_status":"closed","sticky":false,"template":"","format":"standard","meta":{"_acf_changed":false,"footnotes":""},"categories":[56],"tags":[],"class_list":["post-5428","post","type-post","status-publish","format-standard","has-post-thumbnail","hentry","category-noticias-y-actualizaciones-de-uplift"],"acf":[],"yoast_head":"<!-- This site is optimized with the Yoast SEO plugin v26.9 - https:\/\/yoast.com\/product\/yoast-seo-wordpress\/ -->\n<title>Sesiones de trabajo de Uplift Central Coast | 16 y 17 de junio de 2022 - Uplift Central Coast<\/title>\n<meta name=\"robots\" content=\"index, follow, max-snippet:-1, max-image-preview:large, max-video-preview:-1\" \/>\n<link rel=\"canonical\" href=\"https:\/\/upliftcentralcoast.org\/es\/sesiones-de-trabajo-de-uplift-central-coast-16-y-17-de-junio-de-2022\/\" \/>\n<meta property=\"og:locale\" content=\"es_ES\" \/>\n<meta property=\"og:type\" content=\"article\" \/>\n<meta property=\"og:title\" content=\"Sesiones de trabajo de Uplift Central Coast | 16 y 17 de junio de 2022 - Uplift Central Coast\" \/>\n<meta property=\"og:description\" content=\"Dirigida por REACH, el EDC y MBEP, Uplift invit\u00f3 a un grupo de 369 interesados de todas las regiones a una sesi\u00f3n de trabajo. De conformidad con el primer paso de las directrices de solicitud, las sesiones se celebraron con el fin de desarrollar un enfoque asociativo y comunitario para un proceso inclusivo de planificaci\u00f3n... Leer m\u00e1s\" \/>\n<meta property=\"og:url\" content=\"https:\/\/upliftcentralcoast.org\/es\/sesiones-de-trabajo-de-uplift-central-coast-16-y-17-de-junio-de-2022\/\" \/>\n<meta property=\"og:site_name\" content=\"Uplift Central Coast\" \/>\n<meta property=\"article:published_time\" content=\"2022-06-17T19:53:25+00:00\" \/>\n<meta property=\"og:image\" content=\"https:\/\/upliftcentralcoast.org\/wp-content\/uploads\/2023\/11\/Uplift-News-Graphics-4.jpg\" \/>\n\t<meta property=\"og:image:width\" content=\"1000\" \/>\n\t<meta property=\"og:image:height\" content=\"658\" \/>\n\t<meta property=\"og:image:type\" content=\"image\/jpeg\" \/>\n<meta name=\"author\" content=\"Mariko Kriege\" \/>\n<meta name=\"twitter:card\" content=\"summary_large_image\" \/>\n<meta name=\"twitter:label1\" content=\"Escrito por\" \/>\n\t<meta name=\"twitter:data1\" content=\"Mariko Kriege\" \/>\n\t<meta name=\"twitter:label2\" content=\"Tiempo de lectura\" \/>\n\t<meta name=\"twitter:data2\" content=\"1 minuto\" \/>\n<script type=\"application\/ld+json\" class=\"yoast-schema-graph\">{\"@context\":\"https:\/\/schema.org\",\"@graph\":[{\"@type\":\"Article\",\"@id\":\"https:\/\/upliftcentralcoast.org\/es\/sesiones-de-trabajo-de-uplift-central-coast-16-y-17-de-junio-de-2022\/#article\",\"isPartOf\":{\"@id\":\"https:\/\/upliftcentralcoast.org\/es\/sesiones-de-trabajo-de-uplift-central-coast-16-y-17-de-junio-de-2022\/\"},\"author\":{\"name\":\"Mariko Kriege\",\"@id\":\"https:\/\/upliftcentralcoast.org\/es\/#\/schema\/person\/4493297aad10b81fe4dd8b539fd38ee5\"},\"headline\":\"Sesiones de trabajo de Uplift Central Coast | 16 y 17 de junio de 2022\",\"datePublished\":\"2022-06-17T19:53:25+00:00\",\"mainEntityOfPage\":{\"@id\":\"https:\/\/upliftcentralcoast.org\/es\/sesiones-de-trabajo-de-uplift-central-coast-16-y-17-de-junio-de-2022\/\"},\"wordCount\":208,\"publisher\":{\"@id\":\"https:\/\/upliftcentralcoast.org\/es\/#organization\"},\"image\":{\"@id\":\"https:\/\/upliftcentralcoast.org\/es\/sesiones-de-trabajo-de-uplift-central-coast-16-y-17-de-junio-de-2022\/#primaryimage\"},\"thumbnailUrl\":\"https:\/\/upliftcentralcoast.org\/wp-content\/uploads\/2023\/11\/Uplift-News-Graphics-4.jpg\",\"articleSection\":[\"Noticias y actualizaciones de Uplift\"],\"inLanguage\":\"es\"},{\"@type\":\"WebPage\",\"@id\":\"https:\/\/upliftcentralcoast.org\/es\/sesiones-de-trabajo-de-uplift-central-coast-16-y-17-de-junio-de-2022\/\",\"url\":\"https:\/\/upliftcentralcoast.org\/es\/sesiones-de-trabajo-de-uplift-central-coast-16-y-17-de-junio-de-2022\/\",\"name\":\"Sesiones de trabajo de Uplift Central Coast | 16 y 17 de junio de 2022 - Uplift Central Coast\",\"isPartOf\":{\"@id\":\"https:\/\/upliftcentralcoast.org\/es\/#website\"},\"primaryImageOfPage\":{\"@id\":\"https:\/\/upliftcentralcoast.org\/es\/sesiones-de-trabajo-de-uplift-central-coast-16-y-17-de-junio-de-2022\/#primaryimage\"},\"image\":{\"@id\":\"https:\/\/upliftcentralcoast.org\/es\/sesiones-de-trabajo-de-uplift-central-coast-16-y-17-de-junio-de-2022\/#primaryimage\"},\"thumbnailUrl\":\"https:\/\/upliftcentralcoast.org\/wp-content\/uploads\/2023\/11\/Uplift-News-Graphics-4.jpg\",\"datePublished\":\"2022-06-17T19:53:25+00:00\",\"inLanguage\":\"es\",\"potentialAction\":[{\"@type\":\"ReadAction\",\"target\":[\"https:\/\/upliftcentralcoast.org\/es\/sesiones-de-trabajo-de-uplift-central-coast-16-y-17-de-junio-de-2022\/\"]}]},{\"@type\":\"ImageObject\",\"inLanguage\":\"es\",\"@id\":\"https:\/\/upliftcentralcoast.org\/es\/sesiones-de-trabajo-de-uplift-central-coast-16-y-17-de-junio-de-2022\/#primaryimage\",\"url\":\"https:\/\/upliftcentralcoast.org\/wp-content\/uploads\/2023\/11\/Uplift-News-Graphics-4.jpg\",\"contentUrl\":\"https:\/\/upliftcentralcoast.org\/wp-content\/uploads\/2023\/11\/Uplift-News-Graphics-4.jpg\",\"width\":1000,\"height\":658},{\"@type\":\"WebSite\",\"@id\":\"https:\/\/upliftcentralcoast.org\/es\/#website\",\"url\":\"https:\/\/upliftcentralcoast.org\/es\/\",\"name\":\"Uplift Central Coast\",\"description\":\"\",\"publisher\":{\"@id\":\"https:\/\/upliftcentralcoast.org\/es\/#organization\"},\"potentialAction\":[{\"@type\":\"SearchAction\",\"target\":{\"@type\":\"EntryPoint\",\"urlTemplate\":\"https:\/\/upliftcentralcoast.org\/es\/?s={search_term_string}\"},\"query-input\":{\"@type\":\"PropertyValueSpecification\",\"valueRequired\":true,\"valueName\":\"search_term_string\"}}],\"inLanguage\":\"es\"},{\"@type\":\"Organization\",\"@id\":\"https:\/\/upliftcentralcoast.org\/es\/#organization\",\"name\":\"Uplift Central Coast\",\"url\":\"https:\/\/upliftcentralcoast.org\/es\/\",\"logo\":{\"@type\":\"ImageObject\",\"inLanguage\":\"es\",\"@id\":\"https:\/\/upliftcentralcoast.org\/es\/#\/schema\/logo\/image\/\",\"url\":\"https:\/\/upliftcentralcoast.org\/wp-content\/uploads\/2020\/09\/Uplift.svg\",\"contentUrl\":\"https:\/\/upliftcentralcoast.org\/wp-content\/uploads\/2020\/09\/Uplift.svg\",\"caption\":\"Uplift Central Coast\"},\"image\":{\"@id\":\"https:\/\/upliftcentralcoast.org\/es\/#\/schema\/logo\/image\/\"}},{\"@type\":\"Person\",\"@id\":\"https:\/\/upliftcentralcoast.org\/es\/#\/schema\/person\/4493297aad10b81fe4dd8b539fd38ee5\",\"name\":\"Mariko Kriege\",\"image\":{\"@type\":\"ImageObject\",\"inLanguage\":\"es\",\"@id\":\"https:\/\/upliftcentralcoast.org\/es\/#\/schema\/person\/image\/\",\"url\":\"https:\/\/secure.gravatar.com\/avatar\/2230fa16c6ef8f750fe28cefbee69287be573200b4cb91ff6b08fee6ba41ee43?s=96&d=mm&r=g\",\"contentUrl\":\"https:\/\/secure.gravatar.com\/avatar\/2230fa16c6ef8f750fe28cefbee69287be573200b4cb91ff6b08fee6ba41ee43?s=96&d=mm&r=g\",\"caption\":\"Mariko Kriege\"}}]}<\/script>\n<!-- \/ Yoast SEO plugin. -->","yoast_head_json":{"title":"Sesiones de trabajo de Uplift Central Coast | 16 y 17 de junio de 2022 - Uplift Central Coast","robots":{"index":"index","follow":"follow","max-snippet":"max-snippet:-1","max-image-preview":"max-image-preview:large","max-video-preview":"max-video-preview:-1"},"canonical":"https:\/\/upliftcentralcoast.org\/es\/sesiones-de-trabajo-de-uplift-central-coast-16-y-17-de-junio-de-2022\/","og_locale":"es_ES","og_type":"article","og_title":"Sesiones de trabajo de Uplift Central Coast | 16 y 17 de junio de 2022 - Uplift Central Coast","og_description":"Dirigida por REACH, el EDC y MBEP, Uplift invit\u00f3 a un grupo de 369 interesados de todas las regiones a una sesi\u00f3n de trabajo. De conformidad con el primer paso de las directrices de solicitud, las sesiones se celebraron con el fin de desarrollar un enfoque asociativo y comunitario para un proceso inclusivo de planificaci\u00f3n... Leer m\u00e1s","og_url":"https:\/\/upliftcentralcoast.org\/es\/sesiones-de-trabajo-de-uplift-central-coast-16-y-17-de-junio-de-2022\/","og_site_name":"Uplift Central Coast","article_published_time":"2022-06-17T19:53:25+00:00","og_image":[{"width":1000,"height":658,"url":"https:\/\/upliftcentralcoast.org\/wp-content\/uploads\/2023\/11\/Uplift-News-Graphics-4.jpg","type":"image\/jpeg"}],"author":"Mariko Kriege","twitter_card":"summary_large_image","twitter_misc":{"Escrito por":"Mariko Kriege","Tiempo de lectura":"1 minuto"},"schema":{"@context":"https:\/\/schema.org","@graph":[{"@type":"Article","@id":"https:\/\/upliftcentralcoast.org\/es\/sesiones-de-trabajo-de-uplift-central-coast-16-y-17-de-junio-de-2022\/#article","isPartOf":{"@id":"https:\/\/upliftcentralcoast.org\/es\/sesiones-de-trabajo-de-uplift-central-coast-16-y-17-de-junio-de-2022\/"},"author":{"name":"Mariko Kriege","@id":"https:\/\/upliftcentralcoast.org\/es\/#\/schema\/person\/4493297aad10b81fe4dd8b539fd38ee5"},"headline":"Sesiones de trabajo de Uplift Central Coast | 16 y 17 de junio de 2022","datePublished":"2022-06-17T19:53:25+00:00","mainEntityOfPage":{"@id":"https:\/\/upliftcentralcoast.org\/es\/sesiones-de-trabajo-de-uplift-central-coast-16-y-17-de-junio-de-2022\/"},"wordCount":208,"publisher":{"@id":"https:\/\/upliftcentralcoast.org\/es\/#organization"},"image":{"@id":"https:\/\/upliftcentralcoast.org\/es\/sesiones-de-trabajo-de-uplift-central-coast-16-y-17-de-junio-de-2022\/#primaryimage"},"thumbnailUrl":"https:\/\/upliftcentralcoast.org\/wp-content\/uploads\/2023\/11\/Uplift-News-Graphics-4.jpg","articleSection":["Noticias y actualizaciones de Uplift"],"inLanguage":"es"},{"@type":"WebPage","@id":"https:\/\/upliftcentralcoast.org\/es\/sesiones-de-trabajo-de-uplift-central-coast-16-y-17-de-junio-de-2022\/","url":"https:\/\/upliftcentralcoast.org\/es\/sesiones-de-trabajo-de-uplift-central-coast-16-y-17-de-junio-de-2022\/","name":"Sesiones de trabajo de Uplift Central Coast | 16 y 17 de junio de 2022 - Uplift Central Coast","isPartOf":{"@id":"https:\/\/upliftcentralcoast.org\/es\/#website"},"primaryImageOfPage":{"@id":"https:\/\/upliftcentralcoast.org\/es\/sesiones-de-trabajo-de-uplift-central-coast-16-y-17-de-junio-de-2022\/#primaryimage"},"image":{"@id":"https:\/\/upliftcentralcoast.org\/es\/sesiones-de-trabajo-de-uplift-central-coast-16-y-17-de-junio-de-2022\/#primaryimage"},"thumbnailUrl":"https:\/\/upliftcentralcoast.org\/wp-content\/uploads\/2023\/11\/Uplift-News-Graphics-4.jpg","datePublished":"2022-06-17T19:53:25+00:00","inLanguage":"es","potentialAction":[{"@type":"ReadAction","target":["https:\/\/upliftcentralcoast.org\/es\/sesiones-de-trabajo-de-uplift-central-coast-16-y-17-de-junio-de-2022\/"]}]},{"@type":"ImageObject","inLanguage":"es","@id":"https:\/\/upliftcentralcoast.org\/es\/sesiones-de-trabajo-de-uplift-central-coast-16-y-17-de-junio-de-2022\/#primaryimage","url":"https:\/\/upliftcentralcoast.org\/wp-content\/uploads\/2023\/11\/Uplift-News-Graphics-4.jpg","contentUrl":"https:\/\/upliftcentralcoast.org\/wp-content\/uploads\/2023\/11\/Uplift-News-Graphics-4.jpg","width":1000,"height":658},{"@type":"WebSite","@id":"https:\/\/upliftcentralcoast.org\/es\/#website","url":"https:\/\/upliftcentralcoast.org\/es\/","name":"Uplift Central Coast","description":"","publisher":{"@id":"https:\/\/upliftcentralcoast.org\/es\/#organization"},"potentialAction":[{"@type":"SearchAction","target":{"@type":"EntryPoint","urlTemplate":"https:\/\/upliftcentralcoast.org\/es\/?s={search_term_string}"},"query-input":{"@type":"PropertyValueSpecification","valueRequired":true,"valueName":"search_term_string"}}],"inLanguage":"es"},{"@type":"Organization","@id":"https:\/\/upliftcentralcoast.org\/es\/#organization","name":"Uplift Central Coast","url":"https:\/\/upliftcentralcoast.org\/es\/","logo":{"@type":"ImageObject","inLanguage":"es","@id":"https:\/\/upliftcentralcoast.org\/es\/#\/schema\/logo\/image\/","url":"https:\/\/upliftcentralcoast.org\/wp-content\/uploads\/2020\/09\/Uplift.svg","contentUrl":"https:\/\/upliftcentralcoast.org\/wp-content\/uploads\/2020\/09\/Uplift.svg","caption":"Uplift Central Coast"},"image":{"@id":"https:\/\/upliftcentralcoast.org\/es\/#\/schema\/logo\/image\/"}},{"@type":"Person","@id":"https:\/\/upliftcentralcoast.org\/es\/#\/schema\/person\/4493297aad10b81fe4dd8b539fd38ee5","name":"Mariko Kriege","image":{"@type":"ImageObject","inLanguage":"es","@id":"https:\/\/upliftcentralcoast.org\/es\/#\/schema\/person\/image\/","url":"https:\/\/secure.gravatar.com\/avatar\/2230fa16c6ef8f750fe28cefbee69287be573200b4cb91ff6b08fee6ba41ee43?s=96&d=mm&r=g","contentUrl":"https:\/\/secure.gravatar.com\/avatar\/2230fa16c6ef8f750fe28cefbee69287be573200b4cb91ff6b08fee6ba41ee43?s=96&d=mm&r=g","caption":"Mariko Kriege"}}]}},"_links":{"self":[{"href":"https:\/\/upliftcentralcoast.org\/es\/wp-json\/wp\/v2\/posts\/5428","targetHints":{"allow":["GET"]}}],"collection":[{"href":"https:\/\/upliftcentralcoast.org\/es\/wp-json\/wp\/v2\/posts"}],"about":[{"href":"https:\/\/upliftcentralcoast.org\/es\/wp-json\/wp\/v2\/types\/post"}],"author":[{"embeddable":true,"href":"https:\/\/upliftcentralcoast.org\/es\/wp-json\/wp\/v2\/users\/1105"}],"replies":[{"embeddable":true,"href":"https:\/\/upliftcentralcoast.org\/es\/wp-json\/wp\/v2\/comments?post=5428"}],"version-history":[{"count":0,"href":"https:\/\/upliftcentralcoast.org\/es\/wp-json\/wp\/v2\/posts\/5428\/revisions"}],"wp:featuredmedia":[{"embeddable":true,"href":"https:\/\/upliftcentralcoast.org\/es\/wp-json\/wp\/v2\/media\/5398"}],"wp:attachment":[{"href":"https:\/\/upliftcentralcoast.org\/es\/wp-json\/wp\/v2\/media?parent=5428"}],"wp:term":[{"taxonomy":"category","embeddable":true,"href":"https:\/\/upliftcentralcoast.org\/es\/wp-json\/wp\/v2\/categories?post=5428"},{"taxonomy":"post_tag","embeddable":true,"href":"https:\/\/upliftcentralcoast.org\/es\/wp-json\/wp\/v2\/tags?post=5428"}],"curies":[{"name":"wp","href":"https:\/\/api.w.org\/{rel}","templated":true}]}}